{"id":6281,"date":"2026-08-26T18:43:55","date_gmt":"2026-08-26T16:43:55","guid":{"rendered":"https:\/\/www.turforeningen.dk\/?p=6281"},"modified":"2026-08-26T20:51:27","modified_gmt":"2026-08-26T18:51:27","slug":"birthe-kjaer-paa-bakken","status":"publish","type":"post","link":"https:\/\/www.turforeningen.dk\/index.php\/2026\/08\/26\/birthe-kjaer-paa-bakken\/","title":{"rendered":"Birthe Kj\u00e6r p\u00e5 Bakken"},"content":{"rendered":"<div id=\"pl-6281\"  class=\"panel-layout\" ><div id=\"pg-6281-0\"  class=\"panel-grid panel-no-style\" ><div id=\"pgc-6281-0-0\"  class=\"panel-grid-cell\" ><div id=\"panel-6281-0-0-0\" class=\"so-panel widget widget_sow-editor panel-first-child panel-last-child\" data-index=\"0\" ><div\n\t\t\t\n\t\t\tclass=\"so-widget-sow-editor so-widget-sow-editor-base\"\n\t\t\t\n\t\t>\n<div class=\"siteorigin-widget-tinymce textwidget\">\n\t<p><!-- ==========================================================\n     NTF INDL\u00c6GSSKABELON \u2014 AKTIVITET v2\n\n     CHANGELOG\n     v1 \u2014 Hardkodet MED TOG-sektion.\n     v2 \u2014 25.08.2026 \u2014 MED TOG-sektionen erstattet af\n          [ntf_praktisk_transport], som kun tegner sig selv n\u00e5r\n          der er en k\u00f8replan eller en fritekst at vise.\n          Resten er u\u00e6ndret.\n     ========================================================== --><\/p>\n<p><!-- TILMELDING BOKS --><\/p>\n<div class=\"aktivitet-tilmelding-top\"><\/div>\n<p><!-- INDHOLD GRID --><\/p>\n<div class=\"aktivitet-grid\">\n<div class=\"aktivitet-beskrivelse\">\n<div class=\"info-box\" style=\"margin-bottom:30px\"><h2 style=\"font-weight:600;color:#5e9836;margin-bottom:0px;\">Oplev Birthe Kj\u00e6r og Feel Good Band sprede magisk julestemning og f\u00e6llessang i Teltet midt i den oplyste Dyrehave.<\/h2><div style=\"margin-top: 20px;margin-bottom: 28px\">\n<div id=\"wiki-billede-boks\" data-emne=\"Birthe Kj\u00e6r \" style=\"width:100%;margin-bottom:15px;border-radius:0px;overflow:hidden;max-height:220px\"><\/div>\n<\/div>\n<div style=\"text-align: center;margin-bottom: 36px\">\n<div style=\"color: #c41e3a;font-size: 18px;line-height: 1;margin-bottom: 12px;letter-spacing: 0.5em\">\ud83c\udf84 \ud83c\udfa4 \u2744\ufe0f<\/div>\n<div style=\"color: #1c2e1b;font-size: 14px;font-weight: 600;letter-spacing: 0.35em\">JULEKONCERT P\u00c5 BAKKEN<\/div>\n<div style=\"color: #999;font-size: 11px;letter-spacing: 0.25em;margin-top: 6px\">BIRTHE KJ\u00c6R &#038; FEEL GOOD BAND I TELTET<\/div>\n<\/div>\n<div style=\"background-color: #fcf2f4;border-left: 4px solid #c41e3a;padding: 18px 20px;margin-bottom: 28px;border-radius: 0 6px 6px 0\">\n<div style=\"color: #900c21;font-weight: 700;font-size: 14px;letter-spacing: 0.1em;margin-bottom: 6px\">\u26a1 SKYND DIG \u2013 BILLETTERNE FL\u00c5S V\u00c6K!<\/div>\n<p style=\"color: #555;line-height: 1.6;margin: 0;font-size: 15px\">\n    Interessen er enorm, og billetterne ryger i absolut rekordfart. Hvis du vil sikre dig en plads til \u00e5rets mest festlige juleaften i godt selskab, skal du sl\u00e5 til lige med det samme! F\u00f8rst til m\u00f8lle, venteliste aktiveres n\u00e5r der er udsolgt!\n  <\/p>\n<\/div>\n<p style=\"color: #666;line-height: 1.9;margin-bottom: 22px;font-size: 17px\">\n  M\u00e6rk julemagien s\u00e6nke sig over Dyrehaven, n\u00e5r Nordsj\u00e6lland Turforening tr\u00e6kker i stadsf\u00e6stet og tager i Teltet p\u00e5 Bakken! Vi skal opleve hele Danmarks folkelige musikkronede dronning, Birthe Kj\u00e6r, der sammen med sit forrygende Feel Good Band bl\u00e6ser tagkonstruktionen omkuld med varme, charme og uimodst\u00e5elig julestemning.\n<\/p>\n<p style=\"color: #666;line-height: 1.8;margin-bottom: 28px\">\n  Teltet danner den mest hyggelige ramme om en fantastisk aften, hvor lysene str\u00e5ler i vinternatten, og tonerne af de elskede klassikere opfordrer til f\u00e6llessang fra f\u00f8rste fl\u00f8jt. Vi samles til en aften med smittende hum\u00f8r, god mad og den helt s\u00e6rlige stemning, som kun Bakken kan levere.\n<\/p>\n<div style=\"text-align: center;color: #c41e3a;letter-spacing: 0.6em;margin-bottom: 28px;font-size: 13px\">~ ~ ~<\/div>\n<div style=\"text-align: center;color: #1c2e1b;font-size: 19px;font-weight: 600;margin-bottom: 28px\">Det kan du gl\u00e6de dig til<\/div>\n<div style=\"margin-bottom: 36px\">\n<div style=\"display: table;width: 100%;margin-bottom: 24px\">\n<div style=\"display: table-cell;width: 56px;vertical-align: top;color: #c41e3a;font-size: 22px;font-weight: 600\">\u25c7<\/div>\n<div style=\"display: table-cell;vertical-align: top;padding-left: 22px;border-left: 1px solid #f2d6dc\">\n<div style=\"color: #1c2e1b;font-weight: 700;font-size: 13px;letter-spacing: 0.15em;margin-bottom: 6px\">F\u00c6LLESSANG OG FEEL GOOD-STEMNING<\/div>\n<p style=\"color: #666;line-height: 1.7;margin: 0\">Birthe Kj\u00e6r og hendes veloplagte orkester leverer et brag af et show med masser af n\u00e6rv\u00e6r, hvor det er umuligt at sidde stille eller lade v\u00e6re med at synge med.<\/p>\n<\/p>\n<\/div>\n<\/div>\n<div style=\"display: table;width: 100%\">\n<div style=\"display: table-cell;width: 56px;vertical-align: top;color: #c41e3a;font-size: 22px;font-weight: 600\">\u25c7<\/div>\n<div style=\"display: table-cell;vertical-align: top;padding-left: 22px;border-left: 1px solid #f2d6dc\">\n<div style=\"color: #1c2e1b;font-weight: 700;font-size: 13px;letter-spacing: 0.15em;margin-bottom: 6px\">JULENOSTALGI I DYREHAVEN<\/div>\n<p style=\"color: #666;line-height: 1.7;margin: 0\">Oplev Bakken i sin smukkeste vinterdragt, hvor de t\u00e6ndte lys og den historiske atmosf\u00e6re s\u00e6tter den helt perfekte ramme om en uforglemmelig tur.<\/p>\n<\/p>\n<\/div>\n<\/div>\n<\/div>\n<p style=\"color: #999;line-height: 1.7;font-size: 14px;font-style: italic;margin-bottom: 32px;padding: 0 18px\">\n  <strong>Vidste du det om Teltet p\u00e5 Bakken?<\/strong> Bakkens ikoniske teltscener har i generationer v\u00e6ret vartegn for dansk folkelig underholdning og revytradition. N\u00e5r teltet pyntes op til jul, omdannes det til et af landets mest stimulerende og stemningsfulde spillesteder, hvor publikum sidder helt t\u00e6t p\u00e5 kunstnerne!\n<\/p>\n<p style=\"color: #666;line-height: 1.8;margin-bottom: 30px\">\n  Smid bet\u00e6nkelighederne v\u00e6k og tilmeld dig med det samme \u2013 det her bliver en af \u00e5rets mest popul\u00e6re ture, og pladserne forsvinder hurtigere end varm gl\u00f8gg!\n<\/p>\n<div style=\"text-align: center;margin-top: 30px\">\n<p style=\"color: #666;line-height: 1.7;margin-bottom: 16px\">\n    Med de mest festlige og julestemte hilsner<br \/>\n    <strong>Nordsj\u00e6lland Turforening<\/strong>\n  <\/p>\n<p>  <img decoding=\"async\" src=\"https:\/\/www.turforeningen.dk\/wp-content\/uploads\/2026\/05\/majlogo.png\" width=\"140\" height=\"auto\" alt=\"Nordsj\u00e6lland Turforening\" style=\"display: inline-block\">\n<\/div>\n<\/div>\n<\/div>\n<div class=\"aktivitet-praktisk\">\n<div class=\"praktisk-boks\">\n<h2 class=\"praktisk-titel\">PRAKTISKE OPLYSNINGER<\/h2>\n<div class=\"praktisk-sektion\">\n<div class=\"praktisk-ikon-wrap\"><svg class=\"ntf-ikon\" aria-hidden=\"true\" xmlns=\"http:\/\/www.w3.org\/2000\/svg\" viewBox=\"0 0 24 24\" fill=\"none\" stroke=\"currentColor\" stroke-width=\"2\" stroke-linecap=\"round\" stroke-linejoin=\"round\"><rect x=\"3\" y=\"4\" width=\"18\" height=\"18\" rx=\"2\" ry=\"2\"\/><line x1=\"16\" y1=\"2\" x2=\"16\" y2=\"6\"\/><line x1=\"8\" y1=\"2\" x2=\"8\" y2=\"6\"\/><line x1=\"3\" y1=\"10\" x2=\"21\" y2=\"10\"\/><polyline points=\"9 16 11 18 15 14\"\/><\/svg><\/div>\n<div class=\"praktisk-sektion-indhold\">\n<div class=\"praktisk-label\">Hvorn\u00e5r<\/div>\n<div class=\"praktisk-data\">28. november 2026<\/div>\n<div class=\"praktisk-data\">kl 17:00<\/div>\n<\/p><\/div>\n<\/div>\n<div class=\"praktisk-sektion\"><div class=\"praktisk-ikon-wrap\"><svg class=\"ntf-ikon\" aria-hidden=\"true\" xmlns=\"http:\/\/www.w3.org\/2000\/svg\" viewBox=\"0 0 24 24\" fill=\"none\" stroke=\"currentColor\" stroke-width=\"2\" stroke-linecap=\"round\" stroke-linejoin=\"round\"><circle cx=\"12\" cy=\"12\" r=\"10\"\/><polyline points=\"12 6 12 12 16 14\"\/><\/svg><\/div><div class=\"praktisk-sektion-indhold\"><div class=\"praktisk-label\">M\u00f8dested \/ \u00f8vrig transport<\/div><div class=\"praktisk-fritekst\"><p>Vi m\u00f8des i den sidste togvogn som s\u00e6dvanligt.<\/p>\n<\/div><div class=\"praktisk-koreplan\"><style>\r\n.ntf-rp{width:100%;font-size:14px;line-height:1.4;color:#282828}\r\n.ntf-rp-head{font-size:16px;font-weight:600;color:#282828}\r\n.ntf-rp-headsub{display:flex;align-items:center;gap:6px;color:#555;font-size:13px;margin-top:3px}\r\n.ntf-rp-rule{border-top:1px solid #e0e0e0;margin:14px 0}\r\n.ntf-rp-row{display:grid;grid-template-columns:52px 26px minmax(0,1fr)}\r\n.ntf-rp-gut{text-align:right;padding-right:10px;font-size:13px;color:#555;padding-top:1px}\r\n.ntf-rp-modecell{display:flex;justify-content:flex-end;align-items:flex-start}\r\n.ntf-rp-mark{position:relative}\r\n.ntf-rp-bar{position:absolute;left:50%;transform:translateX(-50%);top:0;bottom:0;width:4px;background:#55983d}\r\n.ntf-rp-bar.start{top:7px}\r\n.ntf-rp-bar.walk{width:0;background:none;border-left:3px dotted #55983d}\r\n.ntf-rp-dot{position:absolute;left:50%;top:3px;transform:translateX(-50%);width:13px;height:13px;border-radius:50%;background:#fff;border:3px solid #55983d;box-sizing:border-box}\r\n.ntf-rp-dot.sm{width:9px;height:9px;border-width:2px;top:5px}\r\n.ntf-rp-target{position:absolute;left:50%;top:0;transform:translateX(-50%);width:18px;height:18px;color:#093022}\r\n.ntf-rp-cont{padding:0 0 16px 10px;min-width:0;overflow-wrap:break-word}\r\n.ntf-rp-cont.sm{padding-bottom:10px}\r\n.ntf-rp-row:last-child .ntf-rp-cont{padding-bottom:0}\r\n.ntf-rp-name{font-size:15px;font-weight:600;color:#282828;line-height:1.3}\r\n.ntf-rp-name.nf{font-weight:400}\r\n.ntf-rp-meta{display:flex;align-items:center;gap:6px;color:#555;font-size:13px;margin-top:6px}\r\n.ntf-rp-stop{font-size:13px;color:#555}\r\n.ntf-rp-note{font-size:12px;color:#888}\r\n.ntf-rp-badge{display:inline-block;background:#093022;color:#fff;font-size:12px;font-weight:600;padding:2px 8px;border-radius:4px;vertical-align:1px}\r\n.ntf-rp-delay{color:#c0392b;font-weight:600}\r\n.ntf-rp .ntf-ikon{width:18px;height:18px;display:block}\r\n.ntf-rp-mode{display:inline-block;width:18px;height:18px;color:#55983d}\r\n.ntf-rp-headsub .ntf-rp-mode .ntf-ikon{width:16px;height:16px}\r\n.ntf-rp-admin{background:#fff3cd;border:1px solid #ffc107;border-radius:4px;padding:8px 12px;font-size:12px;color:#856404;margin:8px 0;line-height:1.5}\r\n.ntf-rp-foldknap{font-size:13px;color:#55983d;font-weight:600;cursor:pointer;text-decoration:underline;text-underline-offset:2px;user-select:none}\r\n.ntf-rp-foldknap:hover{color:#093022}\r\n<\/style><div class=\"ntf-rp\"><div class=\"ntf-rp-headsub\" style=\"align-items:flex-start;line-height:1.6;\"><span class=\"ntf-rp-mode\"><svg class=\"ntf-ikon\" aria-hidden=\"true\" xmlns=\"http:\/\/www.w3.org\/2000\/svg\" viewBox=\"0 0 24 24\" fill=\"none\" stroke=\"currentColor\" stroke-width=\"2\" stroke-linecap=\"round\" stroke-linejoin=\"round\"><rect x=\"4\" y=\"3\" width=\"16\" height=\"14\" rx=\"3\"\/><line x1=\"4\" y1=\"10\" x2=\"20\" y2=\"10\"\/><circle cx=\"8.5\" cy=\"13.5\" r=\"0.5\" fill=\"currentColor\"\/><circle cx=\"15.5\" cy=\"13.5\" r=\"0.5\" fill=\"currentColor\"\/><path d=\"M8 21l2-4\"\/><path d=\"M16 21l-2-4\"\/><\/svg><\/span><span>Rejseplanen offentligg\u00f8res her, n\u00e5r k\u00f8replanen for datoen frigives \u2014 typisk 2-3 m\u00e5neder f\u00f8r arrangementet. Kig tilbage senere.<\/span><\/div><\/div><\/div><\/div><\/div>\n<div class=\"praktisk-sektion\">\n<div class=\"praktisk-ikon-wrap\"><svg class=\"ntf-ikon\" aria-hidden=\"true\" xmlns=\"http:\/\/www.w3.org\/2000\/svg\" viewBox=\"0 0 24 24\" fill=\"none\" stroke=\"currentColor\" stroke-width=\"2\" stroke-linecap=\"round\" stroke-linejoin=\"round\"><path d=\"M21 10c0 7-9 13-9 13s-9-6-9-13a9 9 0 0 1 18 0z\"\/><circle cx=\"12\" cy=\"10\" r=\"3\"\/><\/svg><\/div>\n<div class=\"praktisk-sektion-indhold\">\n<div class=\"praktisk-label\">Hvor<\/div>\n<div class=\"praktisk-data\"><\/div>\n<div class=\"praktisk-data\"> Dyrehavsbakken 207<\/div>\n<div class=\"praktisk-data\">2930 Klampenborg<\/div>\n<\/p><\/div>\n<\/div>\n<div class=\"praktisk-sektion\">\n<div class=\"praktisk-ikon-wrap\"><svg class=\"ntf-ikon\" aria-hidden=\"true\" xmlns=\"http:\/\/www.w3.org\/2000\/svg\" viewBox=\"0 0 24 24\" fill=\"none\" stroke=\"currentColor\" stroke-width=\"2\" stroke-linecap=\"round\" stroke-linejoin=\"round\"><line x1=\"3\" y1=\"22\" x2=\"21\" y2=\"22\"\/><line x1=\"6\" y1=\"18\" x2=\"6\" y2=\"11\"\/><line x1=\"10\" y1=\"18\" x2=\"10\" y2=\"11\"\/><line x1=\"14\" y1=\"18\" x2=\"14\" y2=\"11\"\/><line x1=\"18\" y1=\"18\" x2=\"18\" y2=\"11\"\/><polygon points=\"12 2 20 7 4 7\"\/><\/svg><\/div>\n<div class=\"praktisk-sektion-indhold\">\n<div class=\"praktisk-label\">Pris<\/div>\n<div class=\"praktisk-data\">Medlemmer 365 kr.<\/div>\n<div class=\"praktisk-data praktisk-data-muted\">G\u00e6ster +75 kr.<\/div>\n<div class=\"praktisk-data\"><a class=\"praktisk-medlem-link\" href=\"https:\/\/www.turforeningen.dk\/index.php\/medlemsskab\/\"><strong>SPAR 75 KR \u2013 BLIV MEDLEM NU <svg class=\"ntf-ikon\" aria-hidden=\"true\" xmlns=\"http:\/\/www.w3.org\/2000\/svg\" viewBox=\"0 0 24 24\" fill=\"none\" stroke=\"currentColor\" stroke-width=\"2\" stroke-linecap=\"round\" stroke-linejoin=\"round\"><line x1=\"5\" y1=\"12\" x2=\"19\" y2=\"12\"\/><polyline points=\"12 5 19 12 12 19\"\/><\/svg><\/strong><\/a><\/div>\n<\/p><\/div>\n<\/div>\n<div class=\"praktisk-sektion\">\n<div class=\"praktisk-ikon-wrap\"><svg class=\"ntf-ikon\" aria-hidden=\"true\" xmlns=\"http:\/\/www.w3.org\/2000\/svg\" viewBox=\"0 0 24 24\" fill=\"none\" stroke=\"currentColor\" stroke-width=\"2\" stroke-linecap=\"round\" stroke-linejoin=\"round\"><path d=\"M17 21v-2a4 4 0 0 0-4-4H5a4 4 0 0 0-4 4v2\"\/><circle cx=\"9\" cy=\"7\" r=\"4\"\/><path d=\"M23 21v-2a4 4 0 0 0-3-3.9\"\/><path d=\"M16 3.1a4 4 0 0 1 0 7.8\"\/><\/svg><\/div>\n<div class=\"praktisk-sektion-indhold\">\n<div class=\"praktisk-label\">Bespisning<\/div>\n<div class=\"praktisk-data\">Vi spiser p\u00e5 restaurant Bondestuen  inden koncerten, for egen regning.<\/div>\n<\/p><\/div>\n<\/div>\n<div class=\"praktisk-sektion\">\n<div class=\"praktisk-ikon-wrap\"><svg class=\"ntf-ikon\" aria-hidden=\"true\" xmlns=\"http:\/\/www.w3.org\/2000\/svg\" viewBox=\"0 0 24 24\" fill=\"none\" stroke=\"currentColor\" stroke-width=\"2\" stroke-linecap=\"round\" stroke-linejoin=\"round\"><circle cx=\"12\" cy=\"12\" r=\"10\"\/><polyline points=\"12 6 12 12 16 14\"\/><\/svg><\/div>\n<div class=\"praktisk-sektion-indhold\">\n<div class=\"praktisk-label\">Tilmeldingsfrist<\/div>\n<div class=\"praktisk-data\">7 september 2026<\/div>\n<\/p><\/div>\n<\/div>\n<div class=\"praktisk-sektion praktisk-sektion-advarsel\">\n<div class=\"praktisk-ikon-wrap\"><svg class=\"ntf-ikon\" aria-hidden=\"true\" xmlns=\"http:\/\/www.w3.org\/2000\/svg\" viewBox=\"0 0 24 24\" fill=\"none\" stroke=\"currentColor\" stroke-width=\"2\" stroke-linecap=\"round\" stroke-linejoin=\"round\"><circle cx=\"12\" cy=\"12\" r=\"10\"\/><line x1=\"12\" y1=\"8\" x2=\"12\" y2=\"8\" stroke-width=\"3\"\/><line x1=\"12\" y1=\"12\" x2=\"12\" y2=\"16\"\/><\/svg><\/div>\n<div class=\"praktisk-sektion-indhold\">\n<div class=\"praktisk-label\">S\u00e6rligt vedr. betaling<\/div>\n<div class=\"praktisk-data\">Hvis det undtagelsesvist ikke er muligt for dig at betale med kort via hjemmesiden, kan du kontakte foreningen. I s\u00e5danne tilf\u00e6lde kan betaling ske via bankoverf\u00f8rsel efter n\u00e6rmere aftale. Bem\u00e6rk, at billetter i dette tilf\u00e6lde ikke kan bestilles direkte p\u00e5 hjemmesiden.<\/div>\n<\/p><\/div>\n<\/div>\n<\/div>\n<\/div>\n<\/div>\n<\/div>\n<\/div><\/div><\/div><\/div><\/div>","protected":false},"excerpt":{"rendered":"<p>Billetterne rives v\u00e6k i rekordfart, s\u00e5 t\u00f8v ikke et sekund! Nordsj\u00e6lland Turforening tager i Teltet p\u00e5 Bakken til en forrygende julekoncert med Birthe Kj\u00e6r Feel Good Band. Kom med til en uforlignelig festaften fyldt med julestemning, f\u00e6llessang og god mad.<\/p>\n","protected":false},"author":1,"featured_media":6282,"comment_status":"closed","ping_status":"closed","sticky":false,"template":"","format":"standard","meta":{"_acf_changed":false,"footnotes":""},"categories":[5],"tags":[],"class_list":["post-6281","post","type-post","status-publish","format-standard","has-post-thumbnail","hentry","category-arrangementer-du-kan-tilmelde-dig"],"acf":[],"yoast_head":"<!-- This site is optimized with the Yoast SEO plugin v28.3 - https:\/\/yoast.com\/product\/yoast-seo-wordpress\/ -->\n<title>Birthe Kj\u00e6r p\u00e5 Bakken - Nordsj\u00e6lland Turforening<\/title>\n<meta name=\"robots\" content=\"index, follow, max-snippet:-1, max-image-preview:large, max-video-preview:-1\" \/>\n<link rel=\"canonical\" href=\"https:\/\/www.turforeningen.dk\/index.php\/2026\/08\/26\/birthe-kjaer-paa-bakken\/\" \/>\n<meta property=\"og:locale\" content=\"da_DK\" \/>\n<meta property=\"og:type\" content=\"article\" \/>\n<meta property=\"og:title\" content=\"Birthe Kj\u00e6r p\u00e5 Bakken - Nordsj\u00e6lland Turforening\" \/>\n<meta property=\"og:description\" content=\"Billetterne rives v\u00e6k i rekordfart, s\u00e5 t\u00f8v ikke et sekund! Nordsj\u00e6lland Turforening tager i Teltet p\u00e5 Bakken til en forrygende julekoncert med Birthe Kj\u00e6r Feel Good Band. Kom med til en uforlignelig festaften fyldt med julestemning, f\u00e6llessang og god mad.\" \/>\n<meta property=\"og:url\" content=\"https:\/\/www.turforeningen.dk\/index.php\/2026\/08\/26\/birthe-kjaer-paa-bakken\/\" \/>\n<meta property=\"og:site_name\" content=\"Nordsj\u00e6lland Turforening\" \/>\n<meta property=\"article:publisher\" content=\"https:\/\/www.facebook.com\/nordsjaellandturforening\" \/>\n<meta property=\"article:published_time\" content=\"2026-08-26T16:43:55+00:00\" \/>\n<meta property=\"article:modified_time\" content=\"2026-08-26T18:51:27+00:00\" \/>\n<meta property=\"og:image\" content=\"https:\/\/www.turforeningen.dk\/wp-content\/uploads\/2026\/08\/bkjaer.jpg\" \/>\n\t<meta property=\"og:image:width\" content=\"1225\" \/>\n\t<meta property=\"og:image:height\" content=\"349\" \/>\n\t<meta property=\"og:image:type\" content=\"image\/jpeg\" \/>\n<meta name=\"author\" content=\"Lars\" \/>\n<meta name=\"twitter:card\" content=\"summary_large_image\" \/>\n<meta name=\"twitter:label1\" content=\"Skrevet af\" \/>\n\t<meta name=\"twitter:data1\" content=\"Lars\" \/>\n\t<meta name=\"twitter:label2\" content=\"Estimeret l\u00e6setid\" \/>\n\t<meta name=\"twitter:data2\" content=\"1 minut\" \/>\n<script type=\"application\/ld+json\" class=\"yoast-schema-graph\">{\"@context\":\"https:\\\/\\\/schema.org\",\"@graph\":[{\"@type\":\"Article\",\"@id\":\"https:\\\/\\\/www.turforeningen.dk\\\/index.php\\\/2026\\\/08\\\/26\\\/birthe-kjaer-paa-bakken\\\/#article\",\"isPartOf\":{\"@id\":\"https:\\\/\\\/www.turforeningen.dk\\\/index.php\\\/2026\\\/08\\\/26\\\/birthe-kjaer-paa-bakken\\\/\"},\"author\":{\"name\":\"Lars\",\"@id\":\"https:\\\/\\\/www.turforeningen.dk\\\/#\\\/schema\\\/person\\\/25f6e0a3009a8b1f55ff65b0028ae638\"},\"headline\":\"Birthe Kj\u00e6r p\u00e5 Bakken\",\"datePublished\":\"2026-08-26T16:43:55+00:00\",\"dateModified\":\"2026-08-26T18:51:27+00:00\",\"mainEntityOfPage\":{\"@id\":\"https:\\\/\\\/www.turforeningen.dk\\\/index.php\\\/2026\\\/08\\\/26\\\/birthe-kjaer-paa-bakken\\\/\"},\"wordCount\":486,\"publisher\":{\"@id\":\"https:\\\/\\\/www.turforeningen.dk\\\/#organization\"},\"image\":{\"@id\":\"https:\\\/\\\/www.turforeningen.dk\\\/index.php\\\/2026\\\/08\\\/26\\\/birthe-kjaer-paa-bakken\\\/#primaryimage\"},\"thumbnailUrl\":\"https:\\\/\\\/www.turforeningen.dk\\\/wp-content\\\/uploads\\\/2026\\\/08\\\/bkjaer.jpg\",\"articleSection\":[\"Kommende arrangementer\"],\"inLanguage\":\"da-DK\"},{\"@type\":\"WebPage\",\"@id\":\"https:\\\/\\\/www.turforeningen.dk\\\/index.php\\\/2026\\\/08\\\/26\\\/birthe-kjaer-paa-bakken\\\/\",\"url\":\"https:\\\/\\\/www.turforeningen.dk\\\/index.php\\\/2026\\\/08\\\/26\\\/birthe-kjaer-paa-bakken\\\/\",\"name\":\"Birthe Kj\u00e6r p\u00e5 Bakken - Nordsj\u00e6lland Turforening\",\"isPartOf\":{\"@id\":\"https:\\\/\\\/www.turforeningen.dk\\\/#website\"},\"primaryImageOfPage\":{\"@id\":\"https:\\\/\\\/www.turforeningen.dk\\\/index.php\\\/2026\\\/08\\\/26\\\/birthe-kjaer-paa-bakken\\\/#primaryimage\"},\"image\":{\"@id\":\"https:\\\/\\\/www.turforeningen.dk\\\/index.php\\\/2026\\\/08\\\/26\\\/birthe-kjaer-paa-bakken\\\/#primaryimage\"},\"thumbnailUrl\":\"https:\\\/\\\/www.turforeningen.dk\\\/wp-content\\\/uploads\\\/2026\\\/08\\\/bkjaer.jpg\",\"datePublished\":\"2026-08-26T16:43:55+00:00\",\"dateModified\":\"2026-08-26T18:51:27+00:00\",\"breadcrumb\":{\"@id\":\"https:\\\/\\\/www.turforeningen.dk\\\/index.php\\\/2026\\\/08\\\/26\\\/birthe-kjaer-paa-bakken\\\/#breadcrumb\"},\"inLanguage\":\"da-DK\",\"potentialAction\":[{\"@type\":\"ReadAction\",\"target\":[\"https:\\\/\\\/www.turforeningen.dk\\\/index.php\\\/2026\\\/08\\\/26\\\/birthe-kjaer-paa-bakken\\\/\"]}]},{\"@type\":\"ImageObject\",\"inLanguage\":\"da-DK\",\"@id\":\"https:\\\/\\\/www.turforeningen.dk\\\/index.php\\\/2026\\\/08\\\/26\\\/birthe-kjaer-paa-bakken\\\/#primaryimage\",\"url\":\"https:\\\/\\\/www.turforeningen.dk\\\/wp-content\\\/uploads\\\/2026\\\/08\\\/bkjaer.jpg\",\"contentUrl\":\"https:\\\/\\\/www.turforeningen.dk\\\/wp-content\\\/uploads\\\/2026\\\/08\\\/bkjaer.jpg\",\"width\":1225,\"height\":349},{\"@type\":\"BreadcrumbList\",\"@id\":\"https:\\\/\\\/www.turforeningen.dk\\\/index.php\\\/2026\\\/08\\\/26\\\/birthe-kjaer-paa-bakken\\\/#breadcrumb\",\"itemListElement\":[{\"@type\":\"ListItem\",\"position\":1,\"name\":\"Nordsj\u00e6lland Turforening\",\"item\":\"https:\\\/\\\/www.turforeningen.dk\\\/\"},{\"@type\":\"ListItem\",\"position\":2,\"name\":\"Birthe Kj\u00e6r p\u00e5 Bakken\"}]},{\"@type\":\"WebSite\",\"@id\":\"https:\\\/\\\/www.turforeningen.dk\\\/#website\",\"url\":\"https:\\\/\\\/www.turforeningen.dk\\\/\",\"name\":\"Nordsj\u00e6lland Turforening\",\"description\":\"\",\"publisher\":{\"@id\":\"https:\\\/\\\/www.turforeningen.dk\\\/#organization\"},\"potentialAction\":[{\"@type\":\"SearchAction\",\"target\":{\"@type\":\"EntryPoint\",\"urlTemplate\":\"https:\\\/\\\/www.turforeningen.dk\\\/?s={search_term_string}\"},\"query-input\":{\"@type\":\"PropertyValueSpecification\",\"valueRequired\":true,\"valueName\":\"search_term_string\"}}],\"inLanguage\":\"da-DK\"},{\"@type\":\"Organization\",\"@id\":\"https:\\\/\\\/www.turforeningen.dk\\\/#organization\",\"name\":\"Nordsj\u00e6lland Turforening\",\"url\":\"https:\\\/\\\/www.turforeningen.dk\\\/\",\"logo\":{\"@type\":\"ImageObject\",\"inLanguage\":\"da-DK\",\"@id\":\"https:\\\/\\\/www.turforeningen.dk\\\/#\\\/schema\\\/logo\\\/image\\\/\",\"url\":\"https:\\\/\\\/www.turforeningen.dk\\\/wp-content\\\/uploads\\\/2026\\\/08\\\/fav_icon.png\",\"contentUrl\":\"https:\\\/\\\/www.turforeningen.dk\\\/wp-content\\\/uploads\\\/2026\\\/08\\\/fav_icon.png\",\"width\":192,\"height\":192,\"caption\":\"Nordsj\u00e6lland Turforening\"},\"image\":{\"@id\":\"https:\\\/\\\/www.turforeningen.dk\\\/#\\\/schema\\\/logo\\\/image\\\/\"},\"sameAs\":[\"https:\\\/\\\/www.facebook.com\\\/nordsjaellandturforening\",\"https:\\\/\\\/www.instagram.com\\\/turforeningen.dk\\\/\"]},{\"@type\":\"Person\",\"@id\":\"https:\\\/\\\/www.turforeningen.dk\\\/#\\\/schema\\\/person\\\/25f6e0a3009a8b1f55ff65b0028ae638\",\"name\":\"Lars\",\"image\":{\"@type\":\"ImageObject\",\"inLanguage\":\"da-DK\",\"@id\":\"https:\\\/\\\/secure.gravatar.com\\\/avatar\\\/5557de5eadb778662b5b1815bfb219887cf0106108afa147f9bc2dfeef598f71?s=96&d=mm&r=g\",\"url\":\"https:\\\/\\\/secure.gravatar.com\\\/avatar\\\/5557de5eadb778662b5b1815bfb219887cf0106108afa147f9bc2dfeef598f71?s=96&d=mm&r=g\",\"contentUrl\":\"https:\\\/\\\/secure.gravatar.com\\\/avatar\\\/5557de5eadb778662b5b1815bfb219887cf0106108afa147f9bc2dfeef598f71?s=96&d=mm&r=g\",\"caption\":\"Lars\"},\"sameAs\":[\"https:\\\/\\\/www.turforeningen.dk\"]}]}<\/script>\n<!-- \/ Yoast SEO plugin. -->","yoast_head_json":{"title":"Birthe Kj\u00e6r p\u00e5 Bakken - Nordsj\u00e6lland Turforening","robots":{"index":"index","follow":"follow","max-snippet":"max-snippet:-1","max-image-preview":"max-image-preview:large","max-video-preview":"max-video-preview:-1"},"canonical":"https:\/\/www.turforeningen.dk\/index.php\/2026\/08\/26\/birthe-kjaer-paa-bakken\/","og_locale":"da_DK","og_type":"article","og_title":"Birthe Kj\u00e6r p\u00e5 Bakken - Nordsj\u00e6lland Turforening","og_description":"Billetterne rives v\u00e6k i rekordfart, s\u00e5 t\u00f8v ikke et sekund! Nordsj\u00e6lland Turforening tager i Teltet p\u00e5 Bakken til en forrygende julekoncert med Birthe Kj\u00e6r Feel Good Band. Kom med til en uforlignelig festaften fyldt med julestemning, f\u00e6llessang og god mad.","og_url":"https:\/\/www.turforeningen.dk\/index.php\/2026\/08\/26\/birthe-kjaer-paa-bakken\/","og_site_name":"Nordsj\u00e6lland Turforening","article_publisher":"https:\/\/www.facebook.com\/nordsjaellandturforening","article_published_time":"2026-08-26T16:43:55+00:00","article_modified_time":"2026-08-26T18:51:27+00:00","og_image":[{"width":1225,"height":349,"url":"https:\/\/www.turforeningen.dk\/wp-content\/uploads\/2026\/08\/bkjaer.jpg","type":"image\/jpeg"}],"author":"Lars","twitter_card":"summary_large_image","twitter_misc":{"Skrevet af":"Lars","Estimeret l\u00e6setid":"1 minut"},"schema":{"@context":"https:\/\/schema.org","@graph":[{"@type":"Article","@id":"https:\/\/www.turforeningen.dk\/index.php\/2026\/08\/26\/birthe-kjaer-paa-bakken\/#article","isPartOf":{"@id":"https:\/\/www.turforeningen.dk\/index.php\/2026\/08\/26\/birthe-kjaer-paa-bakken\/"},"author":{"name":"Lars","@id":"https:\/\/www.turforeningen.dk\/#\/schema\/person\/25f6e0a3009a8b1f55ff65b0028ae638"},"headline":"Birthe Kj\u00e6r p\u00e5 Bakken","datePublished":"2026-08-26T16:43:55+00:00","dateModified":"2026-08-26T18:51:27+00:00","mainEntityOfPage":{"@id":"https:\/\/www.turforeningen.dk\/index.php\/2026\/08\/26\/birthe-kjaer-paa-bakken\/"},"wordCount":486,"publisher":{"@id":"https:\/\/www.turforeningen.dk\/#organization"},"image":{"@id":"https:\/\/www.turforeningen.dk\/index.php\/2026\/08\/26\/birthe-kjaer-paa-bakken\/#primaryimage"},"thumbnailUrl":"https:\/\/www.turforeningen.dk\/wp-content\/uploads\/2026\/08\/bkjaer.jpg","articleSection":["Kommende arrangementer"],"inLanguage":"da-DK"},{"@type":"WebPage","@id":"https:\/\/www.turforeningen.dk\/index.php\/2026\/08\/26\/birthe-kjaer-paa-bakken\/","url":"https:\/\/www.turforeningen.dk\/index.php\/2026\/08\/26\/birthe-kjaer-paa-bakken\/","name":"Birthe Kj\u00e6r p\u00e5 Bakken - Nordsj\u00e6lland Turforening","isPartOf":{"@id":"https:\/\/www.turforeningen.dk\/#website"},"primaryImageOfPage":{"@id":"https:\/\/www.turforeningen.dk\/index.php\/2026\/08\/26\/birthe-kjaer-paa-bakken\/#primaryimage"},"image":{"@id":"https:\/\/www.turforeningen.dk\/index.php\/2026\/08\/26\/birthe-kjaer-paa-bakken\/#primaryimage"},"thumbnailUrl":"https:\/\/www.turforeningen.dk\/wp-content\/uploads\/2026\/08\/bkjaer.jpg","datePublished":"2026-08-26T16:43:55+00:00","dateModified":"2026-08-26T18:51:27+00:00","breadcrumb":{"@id":"https:\/\/www.turforeningen.dk\/index.php\/2026\/08\/26\/birthe-kjaer-paa-bakken\/#breadcrumb"},"inLanguage":"da-DK","potentialAction":[{"@type":"ReadAction","target":["https:\/\/www.turforeningen.dk\/index.php\/2026\/08\/26\/birthe-kjaer-paa-bakken\/"]}]},{"@type":"ImageObject","inLanguage":"da-DK","@id":"https:\/\/www.turforeningen.dk\/index.php\/2026\/08\/26\/birthe-kjaer-paa-bakken\/#primaryimage","url":"https:\/\/www.turforeningen.dk\/wp-content\/uploads\/2026\/08\/bkjaer.jpg","contentUrl":"https:\/\/www.turforeningen.dk\/wp-content\/uploads\/2026\/08\/bkjaer.jpg","width":1225,"height":349},{"@type":"BreadcrumbList","@id":"https:\/\/www.turforeningen.dk\/index.php\/2026\/08\/26\/birthe-kjaer-paa-bakken\/#breadcrumb","itemListElement":[{"@type":"ListItem","position":1,"name":"Nordsj\u00e6lland Turforening","item":"https:\/\/www.turforeningen.dk\/"},{"@type":"ListItem","position":2,"name":"Birthe Kj\u00e6r p\u00e5 Bakken"}]},{"@type":"WebSite","@id":"https:\/\/www.turforeningen.dk\/#website","url":"https:\/\/www.turforeningen.dk\/","name":"Nordsj\u00e6lland Turforening","description":"","publisher":{"@id":"https:\/\/www.turforeningen.dk\/#organization"},"potentialAction":[{"@type":"SearchAction","target":{"@type":"EntryPoint","urlTemplate":"https:\/\/www.turforeningen.dk\/?s={search_term_string}"},"query-input":{"@type":"PropertyValueSpecification","valueRequired":true,"valueName":"search_term_string"}}],"inLanguage":"da-DK"},{"@type":"Organization","@id":"https:\/\/www.turforeningen.dk\/#organization","name":"Nordsj\u00e6lland Turforening","url":"https:\/\/www.turforeningen.dk\/","logo":{"@type":"ImageObject","inLanguage":"da-DK","@id":"https:\/\/www.turforeningen.dk\/#\/schema\/logo\/image\/","url":"https:\/\/www.turforeningen.dk\/wp-content\/uploads\/2026\/08\/fav_icon.png","contentUrl":"https:\/\/www.turforeningen.dk\/wp-content\/uploads\/2026\/08\/fav_icon.png","width":192,"height":192,"caption":"Nordsj\u00e6lland Turforening"},"image":{"@id":"https:\/\/www.turforeningen.dk\/#\/schema\/logo\/image\/"},"sameAs":["https:\/\/www.facebook.com\/nordsjaellandturforening","https:\/\/www.instagram.com\/turforeningen.dk\/"]},{"@type":"Person","@id":"https:\/\/www.turforeningen.dk\/#\/schema\/person\/25f6e0a3009a8b1f55ff65b0028ae638","name":"Lars","image":{"@type":"ImageObject","inLanguage":"da-DK","@id":"https:\/\/secure.gravatar.com\/avatar\/5557de5eadb778662b5b1815bfb219887cf0106108afa147f9bc2dfeef598f71?s=96&d=mm&r=g","url":"https:\/\/secure.gravatar.com\/avatar\/5557de5eadb778662b5b1815bfb219887cf0106108afa147f9bc2dfeef598f71?s=96&d=mm&r=g","contentUrl":"https:\/\/secure.gravatar.com\/avatar\/5557de5eadb778662b5b1815bfb219887cf0106108afa147f9bc2dfeef598f71?s=96&d=mm&r=g","caption":"Lars"},"sameAs":["https:\/\/www.turforeningen.dk"]}]}},"_links":{"self":[{"href":"https:\/\/www.turforeningen.dk\/index.php\/wp-json\/wp\/v2\/posts\/6281","targetHints":{"allow":["GET"]}}],"collection":[{"href":"https:\/\/www.turforeningen.dk\/index.php\/wp-json\/wp\/v2\/posts"}],"about":[{"href":"https:\/\/www.turforeningen.dk\/index.php\/wp-json\/wp\/v2\/types\/post"}],"author":[{"embeddable":true,"href":"https:\/\/www.turforeningen.dk\/index.php\/wp-json\/wp\/v2\/users\/1"}],"replies":[{"embeddable":true,"href":"https:\/\/www.turforeningen.dk\/index.php\/wp-json\/wp\/v2\/comments?post=6281"}],"version-history":[{"count":25,"href":"https:\/\/www.turforeningen.dk\/index.php\/wp-json\/wp\/v2\/posts\/6281\/revisions"}],"predecessor-version":[{"id":6352,"href":"https:\/\/www.turforeningen.dk\/index.php\/wp-json\/wp\/v2\/posts\/6281\/revisions\/6352"}],"wp:featuredmedia":[{"embeddable":true,"href":"https:\/\/www.turforeningen.dk\/index.php\/wp-json\/wp\/v2\/media\/6282"}],"wp:attachment":[{"href":"https:\/\/www.turforeningen.dk\/index.php\/wp-json\/wp\/v2\/media?parent=6281"}],"wp:term":[{"taxonomy":"category","embeddable":true,"href":"https:\/\/www.turforeningen.dk\/index.php\/wp-json\/wp\/v2\/categories?post=6281"},{"taxonomy":"post_tag","embeddable":true,"href":"https:\/\/www.turforeningen.dk\/index.php\/wp-json\/wp\/v2\/tags?post=6281"}],"curies":[{"name":"wp","href":"https:\/\/api.w.org\/{rel}","templated":true}]}}